{"id":2665,"date":"2024-04-12T15:02:32","date_gmt":"2024-04-12T19:02:32","guid":{"rendered":"https:\/\/www.radioenciclopedia.cu\/cultural-news\/?p=2665"},"modified":"2024-04-12T15:02:39","modified_gmt":"2024-04-12T19:02:39","slug":"afro-cuban-legacies-in-columbia-missouri","status":"publish","type":"post","link":"https:\/\/www.radioenciclopedia.cu\/cultural-news\/afro-cuban-legacies-in-columbia-missouri-12042024\/","title":{"rendered":"Afro-Cuban Legacies in Columbia, Missouri"},"content":{"rendered":"\n<p>The College of Arts and Sciences at the University of Missouri, Columbia, in the United States, is currently celebrating <strong>Afro-Cuban Legacies: visual arts, literature, theater, music, and religion<\/strong>, coordinated by the distinguished professor Juanamar\u00eda Cordones-Cook.<\/p>\n\n\n\n<p>The aim of this major event, from April 10th to 12th, is to explore the experiences of Afro-Cuban culture since the 1960s. Its agenda includes academic presentations, artist roundtables, visual arts exhibitions, live performances, and documentary screenings.<\/p>\n\n\n\n<p>The lineup features speeches by cultural historian specializing in the African diaspora in the Caribbean and the Americas, Ivor Miller; prominent professor from the University of Washington in St. Louis, Elzbieta Sklodowska; and renowned editor of the <strong>Afro-Hispanic Reviews magazine<\/strong>, William Luis.<\/p>\n\n\n<div class=\"wp-block-image\">\n<figure class=\"aligncenter size-full\"><img loading=\"lazy\" decoding=\"async\" width=\"742\" height=\"455\" src=\"https:\/\/www.radioenciclopedia.cu\/cultural-news\/wp-content\/uploads\/2024\/04\/nancy-morejon.jpeg\" alt=\"\" class=\"wp-image-2670\" srcset=\"https:\/\/www.radioenciclopedia.cu\/cultural-news\/wp-content\/uploads\/2024\/04\/nancy-morejon.jpeg 742w, https:\/\/www.radioenciclopedia.cu\/cultural-news\/wp-content\/uploads\/2024\/04\/nancy-morejon-300x184.jpeg 300w\" sizes=\"auto, (max-width: 742px) 100vw, 742px\" \/><figcaption class=\"wp-element-caption\">Nancy Morej\u00f3n<\/figcaption><\/figure>\n<\/div>\n\n\n<p>Several Cuban cultural figures grace this stage: the poet and essayist, National Literature Prize winner, Nancy Morej\u00f3n; percussionist Rom\u00e1n D\u00edaz, pianist Arturo O&#8217;Farrill and his quintet; actress Monse Duany, and visual artists Juan Roberto Diago and Ren\u00e9 Pe\u00f1a.<\/p>\n\n\n<div class=\"wp-block-image\">\n<figure class=\"aligncenter size-full\"><img loading=\"lazy\" decoding=\"async\" width=\"716\" height=\"453\" src=\"https:\/\/www.radioenciclopedia.cu\/cultural-news\/wp-content\/uploads\/2024\/04\/rene-pena.jpeg\" alt=\"\" class=\"wp-image-2671\" srcset=\"https:\/\/www.radioenciclopedia.cu\/cultural-news\/wp-content\/uploads\/2024\/04\/rene-pena.jpeg 716w, https:\/\/www.radioenciclopedia.cu\/cultural-news\/wp-content\/uploads\/2024\/04\/rene-pena-300x190.jpeg 300w\" sizes=\"auto, (max-width: 716px) 100vw, 716px\" \/><figcaption class=\"wp-element-caption\">Ren\u00e9 Pe\u00f1a<\/figcaption><\/figure>\n<\/div>\n\n\n<p>Distinguished curator and professor at the University of Missouri, Juanamar\u00eda Cordones-Cook, has been studying Hispanic-American literature, culture, and the arts of the African diaspora. In her role as a documentarian, she has produced nearly 40 audiovisual materials on Cuban artists and intellectuals, some of which are showcased in <strong>Afro-Cuban Legacies<\/strong>.<\/p>\n\n\n\n<p>The integration of these expressions serves as a bridge to establish academic connections between the bustling university scene in the city of Columbia and an integral part of that grand tree known as Cuban culture.<\/p>\n\n\n\n<p>Translated by Luis E. Amador Dominguez<\/p>\n","protected":false},"excerpt":{"rendered":"<p>The aim of this major event, from April 10th to 12th, is to explore the experiences of Afro-Cuban culture since the 1960s. Its agenda includes academic presentations, artist roundtables, visual arts exhibitions, live performances, and documentary screenings.<\/p>\n","protected":false},"author":1,"featured_media":2666,"comment_status":"closed","ping_status":"closed","sticky":false,"template":"","format":"standard","meta":{"footnotes":""},"categories":[4],"tags":[636,635],"ppma_author":[74],"class_list":["post-2665","post","type-post","status-publish","format-standard","has-post-thumbnail","hentry","category-new-cuba","tag-afro-cuban-legacies","tag-university-of-missouri"],"authors":[{"term_id":74,"user_id":0,"is_guest":1,"slug":"marcos-harold-linares-garcia","display_name":"Marcos Harold Linares Garc\u00eda","avatar_url":"https:\/\/secure.gravatar.com\/avatar\/?s=96&d=mm&r=g","0":null,"1":"","2":"","3":"","4":"","5":"","6":"","7":"","8":""}],"_links":{"self":[{"href":"https:\/\/www.radioenciclopedia.cu\/cultural-news\/wp-json\/wp\/v2\/posts\/2665","targetHints":{"allow":["GET"]}}],"collection":[{"href":"https:\/\/www.radioenciclopedia.cu\/cultural-news\/wp-json\/wp\/v2\/posts"}],"about":[{"href":"https:\/\/www.radioenciclopedia.cu\/cultural-news\/wp-json\/wp\/v2\/types\/post"}],"author":[{"embeddable":true,"href":"https:\/\/www.radioenciclopedia.cu\/cultural-news\/wp-json\/wp\/v2\/users\/1"}],"replies":[{"embeddable":true,"href":"https:\/\/www.radioenciclopedia.cu\/cultural-news\/wp-json\/wp\/v2\/comments?post=2665"}],"version-history":[{"count":5,"href":"https:\/\/www.radioenciclopedia.cu\/cultural-news\/wp-json\/wp\/v2\/posts\/2665\/revisions"}],"predecessor-version":[{"id":2674,"href":"https:\/\/www.radioenciclopedia.cu\/cultural-news\/wp-json\/wp\/v2\/posts\/2665\/revisions\/2674"}],"wp:featuredmedia":[{"embeddable":true,"href":"https:\/\/www.radioenciclopedia.cu\/cultural-news\/wp-json\/wp\/v2\/media\/2666"}],"wp:attachment":[{"href":"https:\/\/www.radioenciclopedia.cu\/cultural-news\/wp-json\/wp\/v2\/media?parent=2665"}],"wp:term":[{"taxonomy":"category","embeddable":true,"href":"https:\/\/www.radioenciclopedia.cu\/cultural-news\/wp-json\/wp\/v2\/categories?post=2665"},{"taxonomy":"post_tag","embeddable":true,"href":"https:\/\/www.radioenciclopedia.cu\/cultural-news\/wp-json\/wp\/v2\/tags?post=2665"},{"taxonomy":"author","embeddable":true,"href":"https:\/\/www.radioenciclopedia.cu\/cultural-news\/wp-json\/wp\/v2\/ppma_author?post=2665"}],"curies":[{"name":"wp","href":"https:\/\/api.w.org\/{rel}","templated":true}]}}