{"id":4627,"date":"2025-12-24T19:24:24","date_gmt":"2025-12-24T23:24:24","guid":{"rendered":"https:\/\/www.radioenciclopedia.cu\/cultural-news\/?p=4627"},"modified":"2025-12-24T19:24:24","modified_gmt":"2025-12-24T23:24:24","slug":"uneac-announces-2025-villanueva-critics-awards","status":"publish","type":"post","link":"https:\/\/www.radioenciclopedia.cu\/cultural-news\/uneac-announces-2025-villanueva-critics-awards-24122025\/","title":{"rendered":"UNEAC Announces 2025 Villanueva Critics Awards"},"content":{"rendered":"<p>Members of the Criticism and Research Section of the Performing Artists Association of the Union of Writers and Artists of Cuba (UNEAC) have completed their assessment of theater and dance productions staged in Cuba throughout 2025 and announced the winners of the Villanueva Critics\u2019 Awards.<\/p>\n<p>In the national category, the awards went to the following productions:\u00a0<em>Faro<\/em>, by Teatro Andante;\u00a0<strong><em>Un rastro en las estrellas<\/em><\/strong>, by Teatro de las Estaciones;\u00a0<strong><em>Actea<\/em><\/strong>, by the Lyceum Mozartiano of Havana;\u00a0<strong><em>Eclipse<\/em><\/strong>, by Danza Espiral; and\u00a0<strong><em>El nombre de Juana<\/em><\/strong>, by La Nave Creative Community in collaboration with the project\u00a0<strong><em>Mujeres, fuente de inspiraci\u00f3n<\/em><\/strong>.<\/p>\n<p>In the international category, the jury selected <strong><em>Core Meu<\/em><\/strong>, by the Ballet de Montecarlo, and <strong><em>Gaia 2.0<\/em><\/strong>, by the French company Bakhus.<\/p>\n<p>A Special Recognition was awarded to\u00a0<strong><em>Un domingo llamado deseo<\/em><\/strong>, a production by the Trotamundo Project and Teatro El P\u00fablico, starring National Theater Award laureates Ver\u00f3nica Lynn and Carlos P\u00e9rez Pe\u00f1a.<\/p>\n<p>As is tradition, the official awards ceremony will be held on January 21 at UNEAC, as part of the Villanueva Theater Festival.<\/p>\n<p>Actea, stage production. Image courtesy of UNEAC\u2019s Facebook page.<\/p>\n<p>Translated by Luis E. Amador Dominguez<\/p>\n<p>Photo: UNEAC<\/p>\n","protected":false},"excerpt":{"rendered":"<p>Members of the Criticism and Research Section of the Performing Artists Association of the Union of Writers and Artists of Cuba (UNEAC) have completed their assessment of theater and dance productions staged in Cuba throughout 2025 and announced the winners of the Villanueva Critics\u2019 Awards.<\/p>\n","protected":false},"author":1,"featured_media":4628,"comment_status":"closed","ping_status":"closed","sticky":false,"template":"","format":"standard","meta":{"footnotes":""},"categories":[4],"tags":[475],"ppma_author":[12],"class_list":["post-4627","post","type-post","status-publish","format-standard","has-post-thumbnail","hentry","category-new-cuba","tag-union-of-writers-and-artists-of-cuba"],"authors":[{"term_id":12,"user_id":0,"is_guest":1,"slug":"daynelis-rodriguez-pena","display_name":"Daynelis Rodr\u00edguez Pe\u00f1a","avatar_url":"https:\/\/secure.gravatar.com\/avatar\/?s=96&d=mm&r=g","0":null,"1":"","2":"","3":"","4":"","5":"","6":"","7":"","8":""}],"_links":{"self":[{"href":"https:\/\/www.radioenciclopedia.cu\/cultural-news\/wp-json\/wp\/v2\/posts\/4627","targetHints":{"allow":["GET"]}}],"collection":[{"href":"https:\/\/www.radioenciclopedia.cu\/cultural-news\/wp-json\/wp\/v2\/posts"}],"about":[{"href":"https:\/\/www.radioenciclopedia.cu\/cultural-news\/wp-json\/wp\/v2\/types\/post"}],"author":[{"embeddable":true,"href":"https:\/\/www.radioenciclopedia.cu\/cultural-news\/wp-json\/wp\/v2\/users\/1"}],"replies":[{"embeddable":true,"href":"https:\/\/www.radioenciclopedia.cu\/cultural-news\/wp-json\/wp\/v2\/comments?post=4627"}],"version-history":[{"count":1,"href":"https:\/\/www.radioenciclopedia.cu\/cultural-news\/wp-json\/wp\/v2\/posts\/4627\/revisions"}],"predecessor-version":[{"id":4629,"href":"https:\/\/www.radioenciclopedia.cu\/cultural-news\/wp-json\/wp\/v2\/posts\/4627\/revisions\/4629"}],"wp:featuredmedia":[{"embeddable":true,"href":"https:\/\/www.radioenciclopedia.cu\/cultural-news\/wp-json\/wp\/v2\/media\/4628"}],"wp:attachment":[{"href":"https:\/\/www.radioenciclopedia.cu\/cultural-news\/wp-json\/wp\/v2\/media?parent=4627"}],"wp:term":[{"taxonomy":"category","embeddable":true,"href":"https:\/\/www.radioenciclopedia.cu\/cultural-news\/wp-json\/wp\/v2\/categories?post=4627"},{"taxonomy":"post_tag","embeddable":true,"href":"https:\/\/www.radioenciclopedia.cu\/cultural-news\/wp-json\/wp\/v2\/tags?post=4627"},{"taxonomy":"author","embeddable":true,"href":"https:\/\/www.radioenciclopedia.cu\/cultural-news\/wp-json\/wp\/v2\/ppma_author?post=4627"}],"curies":[{"name":"wp","href":"https:\/\/api.w.org\/{rel}","templated":true}]}}