{"id":4658,"date":"2025-12-29T07:30:46","date_gmt":"2025-12-29T11:30:46","guid":{"rendered":"https:\/\/www.radioenciclopedia.cu\/cultural-news\/?p=4658"},"modified":"2025-12-28T13:32:02","modified_gmt":"2025-12-28T17:32:02","slug":"the-song-of-love-and-more-pedro-alvarez","status":"publish","type":"post","link":"https:\/\/www.radioenciclopedia.cu\/cultural-news\/the-song-of-love-and-more-pedro-alvarez-29122025\/","title":{"rendered":"The Song of Love and More: Pedro \u00c1lvarez"},"content":{"rendered":"<p>Since December 26, the vitality of Pedro \u00c1lvarez&#8217;s (1967\u20132004) pictorial work has filled the temporary exhibition galleries on the second level of the Cuban Art Building at the National Museum of Fine Arts.<\/p>\n<p>Jorge Fern\u00e1ndez Torres, director of the institution, highlighted this enduring relevance at the opening of the extensive exhibition titled <strong>Keep on Painting, Peter<\/strong>. The show revisits \u00c1lvarez&#8217;s artistic legacy and reintroduces it to contemporary audiences through works created between 1985 and 2003.<\/p>\n<p><img loading=\"lazy\" decoding=\"async\" class=\"aligncenter wp-image-4660 size-full\" src=\"https:\/\/www.radioenciclopedia.cu\/cultural-news\/wp-content\/uploads\/2025\/12\/museo-expo-pedro.jpg\" alt=\"\" width=\"1280\" height=\"960\" srcset=\"https:\/\/www.radioenciclopedia.cu\/cultural-news\/wp-content\/uploads\/2025\/12\/museo-expo-pedro.jpg 1280w, https:\/\/www.radioenciclopedia.cu\/cultural-news\/wp-content\/uploads\/2025\/12\/museo-expo-pedro-300x225.jpg 300w, https:\/\/www.radioenciclopedia.cu\/cultural-news\/wp-content\/uploads\/2025\/12\/museo-expo-pedro-1024x768.jpg 1024w, https:\/\/www.radioenciclopedia.cu\/cultural-news\/wp-content\/uploads\/2025\/12\/museo-expo-pedro-768x576.jpg 768w, https:\/\/www.radioenciclopedia.cu\/cultural-news\/wp-content\/uploads\/2025\/12\/museo-expo-pedro-720x540.jpg 720w\" sizes=\"auto, (max-width: 1280px) 100vw, 1280px\" \/><\/p>\n<p>Describing \u00c1lvarez as \u00aba man critical of his time,\u00bb Fern\u00e1ndez Torres\u2014who co-curated the exhibition alongside visual artist Jos\u00e9 \u00c1ngel Toirac and art critic Dannys Montes de Oca\u2014emphasized the distinctive mark and intellectual rigor of the artist behind <strong>The Song of Love<\/strong>. This emblematic work, preserved in the Museum&#8217;s collection, is now on display alongside other pieces drawn from the institution&#8217;s holdings and private collections, set in dialogue with their historical references.<\/p>\n<p>Pedro \u00c1lvarez committed himself to painting in the 1980s and repeatedly questioned why he should abandon it, given that it was his chosen means of expression\u2014regardless of whether it was deemed illustrative, Fern\u00e1ndez Torres recalled. He also noted that \u00c1lvarez was a keen observer of art history \u00abwith a decolonizing outlook at a time when such discourse was not yet common.\u00bb<\/p>\n<p><img loading=\"lazy\" decoding=\"async\" class=\"alignnone wp-image-4659 size-full\" src=\"https:\/\/www.radioenciclopedia.cu\/cultural-news\/wp-content\/uploads\/2025\/12\/expo-pedro-alv.jpg\" alt=\"\" width=\"1280\" height=\"960\" srcset=\"https:\/\/www.radioenciclopedia.cu\/cultural-news\/wp-content\/uploads\/2025\/12\/expo-pedro-alv.jpg 1280w, https:\/\/www.radioenciclopedia.cu\/cultural-news\/wp-content\/uploads\/2025\/12\/expo-pedro-alv-300x225.jpg 300w, https:\/\/www.radioenciclopedia.cu\/cultural-news\/wp-content\/uploads\/2025\/12\/expo-pedro-alv-1024x768.jpg 1024w, https:\/\/www.radioenciclopedia.cu\/cultural-news\/wp-content\/uploads\/2025\/12\/expo-pedro-alv-768x576.jpg 768w, https:\/\/www.radioenciclopedia.cu\/cultural-news\/wp-content\/uploads\/2025\/12\/expo-pedro-alv-720x540.jpg 720w\" sizes=\"auto, (max-width: 1280px) 100vw, 1280px\" \/><\/p>\n<p>The artist engaged with the pressing issues of his era by confronting a challenge particularly acute in the Cuban context: entering into dialogue with international art without succumbing to banality or superficiality. \u00abThat is why his painting today retains an extraordinary power,\u00bb the director stressed.<\/p>\n<p>At the opening ceremony, Fern\u00e1ndez Torres welcomed Pedro \u00c1lvarez&#8217;s siblings and expressed gratitude for the efforts of Delia Mar\u00eda L\u00f3pez Campistrous, the Museum&#8217;s technical deputy director and coordinator of the exhibition&#8217;s installation. He also acknowledged the collaborations and loans that made the exhibition possible, as well as the work carried out by the Restoration, Conservation, Installation, Communication, and Publications departments.<\/p>\n<p>Source: National Museum of Fine Arts of Cuba.<\/p>\n<p>Translated by Luis E. Amador Dominguez<\/p>\n","protected":false},"excerpt":{"rendered":"<p>Since December 26, the vitality of Pedro \u00c1lvarez&#8217;s (1967\u20132004) pictorial work has filled the temporary exhibition galleries on the second level of the Cuban Art Building at the National Museum of Fine Arts.<\/p>\n","protected":false},"author":1,"featured_media":4661,"comment_status":"closed","ping_status":"closed","sticky":false,"template":"","format":"standard","meta":{"footnotes":""},"categories":[4],"tags":[797,1062],"ppma_author":[7],"class_list":["post-4658","post","type-post","status-publish","format-standard","has-post-thumbnail","hentry","category-new-cuba","tag-national-museum-of-fine-arts-of-cuba","tag-pedro-alvarez"],"authors":[{"term_id":7,"user_id":0,"is_guest":1,"slug":"cmbq-radio-enciclopedia","display_name":"CMBQ Radio Enciclopedia","avatar_url":"https:\/\/secure.gravatar.com\/avatar\/?s=96&d=mm&r=g","0":null,"1":"","2":"","3":"","4":"","5":"","6":"","7":"","8":""}],"_links":{"self":[{"href":"https:\/\/www.radioenciclopedia.cu\/cultural-news\/wp-json\/wp\/v2\/posts\/4658","targetHints":{"allow":["GET"]}}],"collection":[{"href":"https:\/\/www.radioenciclopedia.cu\/cultural-news\/wp-json\/wp\/v2\/posts"}],"about":[{"href":"https:\/\/www.radioenciclopedia.cu\/cultural-news\/wp-json\/wp\/v2\/types\/post"}],"author":[{"embeddable":true,"href":"https:\/\/www.radioenciclopedia.cu\/cultural-news\/wp-json\/wp\/v2\/users\/1"}],"replies":[{"embeddable":true,"href":"https:\/\/www.radioenciclopedia.cu\/cultural-news\/wp-json\/wp\/v2\/comments?post=4658"}],"version-history":[{"count":2,"href":"https:\/\/www.radioenciclopedia.cu\/cultural-news\/wp-json\/wp\/v2\/posts\/4658\/revisions"}],"predecessor-version":[{"id":4663,"href":"https:\/\/www.radioenciclopedia.cu\/cultural-news\/wp-json\/wp\/v2\/posts\/4658\/revisions\/4663"}],"wp:featuredmedia":[{"embeddable":true,"href":"https:\/\/www.radioenciclopedia.cu\/cultural-news\/wp-json\/wp\/v2\/media\/4661"}],"wp:attachment":[{"href":"https:\/\/www.radioenciclopedia.cu\/cultural-news\/wp-json\/wp\/v2\/media?parent=4658"}],"wp:term":[{"taxonomy":"category","embeddable":true,"href":"https:\/\/www.radioenciclopedia.cu\/cultural-news\/wp-json\/wp\/v2\/categories?post=4658"},{"taxonomy":"post_tag","embeddable":true,"href":"https:\/\/www.radioenciclopedia.cu\/cultural-news\/wp-json\/wp\/v2\/tags?post=4658"},{"taxonomy":"author","embeddable":true,"href":"https:\/\/www.radioenciclopedia.cu\/cultural-news\/wp-json\/wp\/v2\/ppma_author?post=4658"}],"curies":[{"name":"wp","href":"https:\/\/api.w.org\/{rel}","templated":true}]}}