{"id":4865,"date":"2026-03-13T15:44:53","date_gmt":"2026-03-13T19:44:53","guid":{"rendered":"https:\/\/www.radioenciclopedia.cu\/cultural-news\/?p=4865"},"modified":"2026-03-13T15:46:01","modified_gmt":"2026-03-13T19:46:01","slug":"victor-casaus-and-the-construction-of-memory-in-the-heart-of-havana","status":"publish","type":"post","link":"https:\/\/www.radioenciclopedia.cu\/cultural-news\/victor-casaus-and-the-construction-of-memory-in-the-heart-of-havana-13032026\/","title":{"rendered":"V\u00edctor Casaus and the Construction of Memory in the Heart of Havana"},"content":{"rendered":"<p>He does not view his path as solitary. \u201cV\u00edctor Casaus does not know how to walk alone. He never could\u2014nor did he ever try\u2014to take steps into the void without looking back, toward others and alongside others,\u201d wrote the Argentine magazine <strong>Sudestada<\/strong> when introducing an interview with the Cuban poet and filmmaker. That collective spirit\u2014this way of understanding culture as a fabric woven from voices and affections\u2014defines the work of one of the island\u2019s most versatile intellectuals.<\/p>\n<p>A graduate in Hispanic Language and Literature from the University of Havana, Casaus belongs to the poetic generation that emerged in the mid\u20111960s in the pages of <strong>El Caim\u00e1n Barbudo<\/strong>, the iconic monthly magazine of which he was a founding member. His signature, however, soon extended beyond poetry into film, journalism, testimonial writing, and cultural management. In his work, genres converse and blend with the same natural ease with which he moves from a documentary film to a love poem.<\/p>\n<p>By the 1970s, he was already a recognized name. He had published his first poetry collection, <strong>Todos los d\u00edas del mundo<\/strong> (1967), and had begun writing screenplays for the Cuban Film Institute (ICAIC). He contributed to films such as <strong>El hombre de Maisinic\u00fa<\/strong> (1973) and would later direct feature-length fiction films, including <strong>Como la vida misma<\/strong> (1985) and <strong>Bajo presi\u00f3n<\/strong> (1989). Yet it is his documentaries\u2014more than twenty in total\u2014that reveal his persistent drive to capture the pulse of history and the voices of its anonymous protagonists.<\/p>\n<p>Works such as <strong>Con Maiakovski en Mosc\u00fa<\/strong> (1976), <strong>Un silbido en la niebla<\/strong> (1977), and <strong>Que levante la mano la guitarra<\/strong> (1983)\u2014the latter made in collaboration with Luis Rogelio Nogueras\u2014move along the delicate frontier between journalistic record and poetic sensibility. For Casaus, the camera is also a form of writing.<\/p>\n<p>If there is one book that marked a turning point in his career, it is <strong>Gir\u00f3n en la memoria<\/strong> (1971). One of the first works to receive a mention in the newly established Casa de las Am\u00e9ricas Prize&#8217;s Testimony category, the book reconstructs the events of the Bay of Pigs invasion through the voices of those who participated. The jury that year\u2014comprising Rodolfo Walsh, Ra\u00fal Roa, and Ricardo Pozas\u2014recognized the value of a work that, as historian Pedro Pablo Rodr\u00edguez notes in the prologue to a later edition, confirmed the author\u2019s \u201ccoming of age within the national culture.\u201d<\/p>\n<p>The book\u2019s final fragment, recounting the desperate takeoff of a pilot under bombardment, illustrates Casaus\u2019s ability to fuse epic breath with the human dimension of storytelling: \u201cThe cockpit was full of dew. I switched on every control in the aircraft\u2014heating, everything. Every switch up. I entered the runway and took off.\u201d That direct voice, free of artifice, became the hallmark of a writer who prefers to yield the floor to others.<\/p>\n<p>In 1996, during Cuba\u2019s Special Period, Casaus took a new turn in his career. Together with Argentine collaborator Mar\u00eda Santucho, he founded the Pablo de la Torriente Brau Cultural Center, an independent, non\u2011profit institution located in the heart of Old Havana. The space, at Muralla 63, would become a hub for projects devoted to memory, the trova musical tradition, and new technologies.<\/p>\n<p>The choice of name was no coincidence. Pablo de la Torriente Brau\u2014the Puerto Rican\u2011Cuban writer and journalist who died during the Spanish Civil War\u2014represented the ideal of the committed intellectual. Casaus had already dedicated both a documentary feature (<strong>Pablo<\/strong>, 1978) and a book (<strong>Pablo: con el filo de la hoja<\/strong>, 1983) to him. But the Center took that devotion a step further: it sought not only to preserve his legacy, but also to create the conditions for new voices to emerge.<\/p>\n<p>\u201cWhat we do at the Pablo Center\u2014a dozen cultural programs, often interconnected\u2014is made possible by the extra dedication of the few of us who are there every day and by the collaboration of those who support these dreams with their work,\u201d Casaus explained in an interview. He added a reflection that illuminates his philosophy: \u201cIn my case, I have had to adjust, as best I could, the tensions between cultural work and the demands of what might be called\u2014quickly and somewhat inaccurately\u2014one\u2019s personal oeuvre. The first step in easing those tensions, or understanding them better, was realizing that the Pablo Center is itself part of that personal work.\u201d<\/p>\n<p>Under his direction, the institution has hosted initiatives as diverse as the project <strong>A guitarra limpia<\/strong>, a space devoted to the new Cuban trova, which, during its first decade, brought together troubadours from all generations in more than ninety concerts. Since 1999, the Center has also organized international salons and colloquia on Digital Art, a pioneering effort to explore emerging artistic languages on the island.<\/p>\n<p>Despite the multiplicity of roles\u2014poet, filmmaker, journalist, cultural promoter\u2014Casaus maintains a perspective that seeks to preserve the freshness of childhood. In the interview cited earlier, he reflected on that tension: \u201cTrying to maintain the gaze of children requires a difficult balance with lived experience\u2014suffered and enjoyed\u2014which tends to tip the scale toward routine and what is already known. Socially, it is equally difficult to sustain that insistence on the fresh visions of childhood. Yet there is a kinship between those ways of seeing and the search for hope, which may be battered and even badly wounded in these planetary times, but which from time to time still offers its flashes.\u201d<\/p>\n<p>His literary work\u2014including poetry collections such as <strong>Amar sin papeles<\/strong> (1980), <strong>Los ojos sobre el pa\u00f1uelo<\/strong> (1982), winner of the Rub\u00e9n Dar\u00edo Latin American Poetry Prize, and the deeply moving <em><strong>El libro de Mar\u00eda<\/strong><\/em>\u00a0(2001), introduced by Argentine poet Juan Gelman\u2014converses with that same search. It is a poetry that, like his cinema, refuses to renounce wonder.<\/p>\n<p>Translated by Luis E. Amador Dominguez<\/p>\n","protected":false},"excerpt":{"rendered":"<p>He does not view his path as solitary. &ldquo;V&iacute;ctor Casaus does not know how to<\/p>\n","protected":false},"author":1,"featured_media":4866,"comment_status":"closed","ping_status":"closed","sticky":false,"template":"","format":"standard","meta":{"footnotes":""},"categories":[1],"tags":[1105],"ppma_author":[14],"class_list":["post-4865","post","type-post","status-publish","format-standard","has-post-thumbnail","hentry","category-specials","tag-victor-casaus"],"authors":[{"term_id":14,"user_id":0,"is_guest":1,"slug":"lazaro-hernandez-rey","display_name":"L\u00e1zaro Hern\u00e1ndez Rey","avatar_url":"https:\/\/secure.gravatar.com\/avatar\/?s=96&d=mm&r=g","0":null,"1":"","2":"","3":"","4":"","5":"","6":"","7":"","8":""}],"_links":{"self":[{"href":"https:\/\/www.radioenciclopedia.cu\/cultural-news\/wp-json\/wp\/v2\/posts\/4865","targetHints":{"allow":["GET"]}}],"collection":[{"href":"https:\/\/www.radioenciclopedia.cu\/cultural-news\/wp-json\/wp\/v2\/posts"}],"about":[{"href":"https:\/\/www.radioenciclopedia.cu\/cultural-news\/wp-json\/wp\/v2\/types\/post"}],"author":[{"embeddable":true,"href":"https:\/\/www.radioenciclopedia.cu\/cultural-news\/wp-json\/wp\/v2\/users\/1"}],"replies":[{"embeddable":true,"href":"https:\/\/www.radioenciclopedia.cu\/cultural-news\/wp-json\/wp\/v2\/comments?post=4865"}],"version-history":[{"count":1,"href":"https:\/\/www.radioenciclopedia.cu\/cultural-news\/wp-json\/wp\/v2\/posts\/4865\/revisions"}],"predecessor-version":[{"id":4867,"href":"https:\/\/www.radioenciclopedia.cu\/cultural-news\/wp-json\/wp\/v2\/posts\/4865\/revisions\/4867"}],"wp:featuredmedia":[{"embeddable":true,"href":"https:\/\/www.radioenciclopedia.cu\/cultural-news\/wp-json\/wp\/v2\/media\/4866"}],"wp:attachment":[{"href":"https:\/\/www.radioenciclopedia.cu\/cultural-news\/wp-json\/wp\/v2\/media?parent=4865"}],"wp:term":[{"taxonomy":"category","embeddable":true,"href":"https:\/\/www.radioenciclopedia.cu\/cultural-news\/wp-json\/wp\/v2\/categories?post=4865"},{"taxonomy":"post_tag","embeddable":true,"href":"https:\/\/www.radioenciclopedia.cu\/cultural-news\/wp-json\/wp\/v2\/tags?post=4865"},{"taxonomy":"author","embeddable":true,"href":"https:\/\/www.radioenciclopedia.cu\/cultural-news\/wp-json\/wp\/v2\/ppma_author?post=4865"}],"curies":[{"name":"wp","href":"https:\/\/api.w.org\/{rel}","templated":true}]}}